{"id":5194,"date":"2025-05-05T09:34:35","date_gmt":"2025-05-05T07:34:35","guid":{"rendered":"https:\/\/seirekliinik.ee\/uncategorized-fi\/dr-kadri-remmel\/"},"modified":"2026-03-16T12:52:43","modified_gmt":"2026-03-16T10:52:43","slug":"dr-kadri-remmel","status":"publish","type":"post","link":"https:\/\/seirekliinik.ee\/fi\/tiimi\/dr-kadri-remmel\/","title":{"rendered":"dr. Kadri Remmel"},"content":{"rendered":"<div class=\"fusion-fullwidth fullwidth-box fusion-builder-row-1 fusion-flex-container has-pattern-background has-mask-background hundred-percent-fullwidth non-hundred-percent-height-scrolling\" style=\"--awb-border-radius-top-left:0px;--awb-border-radius-top-right:0px;--awb-border-radius-bottom-right:0px;--awb-border-radius-bottom-left:0px;--awb-flex-wrap:wrap;\" ><div class=\"fusion-builder-row fusion-row fusion-flex-align-items-flex-start fusion-flex-content-wrap\" style=\"width:104% !important;max-width:104% !important;margin-left: calc(-4% \/ 2 );margin-right: calc(-4% \/ 2 );\"><div class=\"fusion-layout-column fusion_builder_column fusion-builder-column-0 fusion_builder_column_1_1 1_1 fusion-flex-column\" style=\"--awb-bg-blend:overlay;--awb-bg-size:cover;--awb-width-large:100%;--awb-margin-top-large:20px;--awb-spacing-right-large:1.92%;--awb-margin-bottom-large:0px;--awb-spacing-left-large:1.92%;--awb-width-medium:100%;--awb-order-medium:0;--awb-spacing-right-medium:1.92%;--awb-spacing-left-medium:1.92%;--awb-width-small:100%;--awb-order-small:0;--awb-spacing-right-small:1.92%;--awb-spacing-left-small:1.92%;\" data-scroll-devices=\"small-visibility,medium-visibility,large-visibility\"><div class=\"fusion-column-wrapper fusion-column-has-shadow fusion-flex-justify-content-flex-start fusion-content-layout-column\"><div class=\"fusion-title title fusion-title-1 fusion-sep-none fusion-title-text fusion-title-size-two\" style=\"--awb-font-size:16px;\"><h2 class=\"fusion-title-heading title-heading-left fusion-responsive-typography-calculated\" style=\"font-family:&#039;Times New Roman&#039;, Times,serif;font-style:normal;font-weight:700;font-size:1em;--fontSize:16;--minFontSize:16;line-height:var(--awb-typography1-line-height);\"><b>Dr. Kadri Remmel mediassa:<\/b><\/h2><\/div><div class=\"fusion-text fusion-text-1\" style=\"--awb-margin-top:16px;\"><p><a href=\"https:\/\/shows.acast.com\/meditsiinilainel\/episodes\/17-kui-kohus-korvetab-dr-kadri-remmel\">Kun vatsassa polttaa \u2013 Dr. Kadri Remmel \u2013 Meditsiini lainel | Acast<\/a><\/p>\n<\/div><div class=\"fusion-title title fusion-title-2 fusion-sep-none fusion-title-text fusion-title-size-two\" style=\"--awb-font-size:16px;\"><h2 class=\"fusion-title-heading title-heading-left fusion-responsive-typography-calculated\" style=\"font-family:&#039;Times New Roman&#039;, Times,serif;font-style:normal;font-weight:700;font-size:1em;--fontSize:16;--minFontSize:16;line-height:var(--awb-typography1-line-height);\"><b>Koulutus:<\/b><\/h2><\/div><div class=\"fusion-text fusion-text-2\" style=\"--awb-margin-top:16px;\"><p><b>2011 &#8211; 2020<\/b> Tarton yliopisto, gastroenterologian erikoistumiskoulutus<\/p>\n<p><b>2005 &#8211; 2011<\/b> Tarton yliopisto, l\u00e4\u00e4ketiede<\/p>\n<p><b>1993 &#8211; 2005<\/b> Tallinnan Reaalkoulu<\/p>\n<\/div><div class=\"fusion-title title fusion-title-3 fusion-sep-none fusion-title-text fusion-title-size-two\" style=\"--awb-font-size:16px;\"><h2 class=\"fusion-title-heading title-heading-left fusion-responsive-typography-calculated\" style=\"font-family:&#039;Times New Roman&#039;, Times,serif;font-style:normal;font-weight:700;font-size:1em;--fontSize:16;--minFontSize:16;line-height:var(--awb-typography1-line-height);\"><b>Ty\u00f6: <\/b><\/h2><\/div><div class=\"fusion-text fusion-text-3\" style=\"--awb-margin-top:16px;\"><p><b>2025 &#8211; &#8230;  <\/b>Seireklinikka, gastroenterologi<\/p>\n<p><b>2023 &#8211; 2025<\/b> Meliva, gastroenterologi<\/p>\n<p><b>2020 &#8211; &#8230;  <\/b>P\u00f5hja-Eesti Regionaalhaigla, gastroenteroloog<\/p>\n<p><b>2020 &#8211; 2023<\/b> Etel\u00e4-Karjalan keskussairaala, Suomi, gastroenterologi<\/p>\n<p><b>2018 &#8211; 2019<\/b> Pohjois-Viron alueellinen sairaala, endoskopiaosasto, yleisl\u00e4\u00e4k\u00e4ri<\/p>\n<p><b>2012 &#8211; 2018<\/b> Pohjois-Viron alueellinen sairaala, p\u00e4ivystysosasto, p\u00e4ivyst\u00e4v\u00e4 l\u00e4\u00e4k\u00e4ri<\/p>\n<p><b>2011 &#8211; 2020<\/b> Pohjois-Viron alueellinen sairaala, Tarton yliopistollinen kliininen sairaala, It\u00e4-Tallinnan keskussairaala, L\u00e4nsi-Tallinnan keskussairaala, Tallinnan lastensairaala; gastroenterologian erikoistuva l\u00e4\u00e4k\u00e4ri<\/p>\n<\/div><div class=\"fusion-title title fusion-title-4 fusion-sep-none fusion-title-text fusion-title-size-two\" style=\"--awb-font-size:16px;\"><h2 class=\"fusion-title-heading title-heading-left fusion-responsive-typography-calculated\" style=\"font-family:&#039;Times New Roman&#039;, Times,serif;font-style:normal;font-weight:700;font-size:1em;--fontSize:16;--minFontSize:16;line-height:var(--awb-typography1-line-height);\"><b>Ammatilliset yhdistykset:<\/b><\/h2><\/div><div class=\"fusion-text fusion-text-4\" style=\"--awb-margin-top:16px;\"><p>Viron Gastroenterologiyhdistys<span class=\"Apple-converted-space\"> <\/span><\/p>\n<p>Viron Gastrointestinaalisen Endoskopian Yhdistys<\/p>\n<p>Viron L\u00e4\u00e4k\u00e4riliitto<\/p>\n<p>European Society of Gastrointestinal Endoscopy<\/p>\n<p>European Crohn\u2019s and Colitis Organisation<\/p>\n<\/div><div class=\"fusion-title title fusion-title-5 fusion-sep-none fusion-title-text fusion-title-size-two\" style=\"--awb-font-size:16px;\"><h2 class=\"fusion-title-heading title-heading-left fusion-responsive-typography-calculated\" style=\"font-family:&#039;Times New Roman&#039;, Times,serif;font-style:normal;font-weight:700;font-size:1em;--fontSize:16;--minFontSize:16;line-height:var(--awb-typography1-line-height);\"><b>Dr. Kadri Remmelin konferenssiesitelm\u00e4t:<\/b><\/h2><\/div><div class=\"fusion-text fusion-text-5\" style=\"--awb-margin-top:16px;\"><p>22.03.2024 Interdistsiplinaarne koost\u00f6\u00f6seminar \u201eTORU\u201c, Tallinna. \u201dHelicobacter pylori update, diagnostiikka ja hoito\u201d <\/p>\n<p>07.09.2024 Gastroenterolo\u0123ijas Vasaras skol\u0101 2024, Riika. \u201dIBD and challenging clinical cases\u201d <\/p>\n<p>06.06.2025 75th ECCO Educational Workshop, Tallinna. \u201dAcute severe colitis\u201d <\/p>\n<\/div><div class=\"fusion-title title fusion-title-6 fusion-sep-none fusion-title-text fusion-title-size-two\" style=\"--awb-font-size:16px;\"><h2 class=\"fusion-title-heading title-heading-left fusion-responsive-typography-calculated\" style=\"font-family:&#039;Times New Roman&#039;, Times,serif;font-style:normal;font-weight:700;font-size:1em;--fontSize:16;--minFontSize:16;line-height:var(--awb-typography1-line-height);\"><b>Dr. Kadri Remmelin ammatillinen t\u00e4ydennyskoulutus:<\/b><\/h2><\/div><div class=\"fusion-text fusion-text-6\" style=\"--awb-margin-top:16px;\"><p>22\u201323.06.2012 Vascular Liver Diseases, EASL, Tallinna<\/p>\n<p>4\u20136.02.2013 Fundamentals of Effective Colonoscopy, Olympus Medical Training Centre, Hampuri<\/p>\n<p>6\u20139.06.2013 UEG Summer School, Praha<\/p>\n<p>28.-29.06.13 3. International Symposium on Complications in GI-endoscopy, Hannover<\/p>\n<p>12\u201313.02.2020 ECCO IBD Intensive Advanced Course 2020, Wien<\/p>\n<p>12\u201315.02.2020 15th Congress of ECCO \u2013 Inflammatory Bowel Diseases, Wien<\/p>\n<p>23\u201326.06.2021 EASL International Liver Congress 2021, verkossa<\/p>\n<p>13\u201314.04.2022 Ravitsemusohjauksen (dietologian) peruskoulutus, osa I, PERH, Tallinna<\/p>\n<p>11\u201312.05.2022 Ravitsemusohjauksen (dietologian) peruskoulutus, osa II, PERH, Tallinna<\/p>\n<p>08\u201311.10.2022 UEG Week, Wien<\/p>\n<p>19\u201322.04.2023 ESGE Days 2023 Congress, Dublin<\/p>\n<p>07.11.2023 Uusien eurooppalaisten ja virolaisten hoitosuositusten k\u00e4yt\u00e4nn\u00f6n esittely, PERH, Tallinna<\/p>\n<p>21\u201324.02.2024 19th Congress of ECCO Inflammatory Bowel Diseases, Tukholma<\/p>\n<p>16\u201317.04.2024 Future IBD, Madrid<\/p>\n<p>12.10.2024 OMOM Capsule Endoscopy Hands-On Training, Wien<\/p>\n<p>12\u201313.10.2024 UEG Postgraduate Teaching Programme 2024, Wien<\/p>\n<p>13\u201315.10.2024 UEG Week 2024, Wien<\/p>\n<p>03\u201305.04.2025 ESGE Days 2025 Congress, Barcelona<\/p>\n<\/div><div class=\"fusion-title title fusion-title-7 fusion-sep-none fusion-title-text fusion-title-size-two\" style=\"--awb-font-size:16px;\"><h2 class=\"fusion-title-heading title-heading-left fusion-responsive-typography-calculated\" style=\"font-family:&#039;Times New Roman&#039;, Times,serif;font-style:normal;font-weight:700;font-size:1em;--fontSize:16;--minFontSize:16;line-height:var(--awb-typography1-line-height);\"><b>Kielet:<\/b><\/h2><\/div><div class=\"fusion-text fusion-text-7\" style=\"--awb-margin-top:16px;\"><p>viro, suomi, englanti<\/p>\n<\/div><\/div><\/div><\/div><\/div>\n","protected":false},"excerpt":{"rendered":"","protected":false},"author":2,"featured_media":5181,"comment_status":"closed","ping_status":"closed","sticky":false,"template":"","format":"standard","meta":{"_acf_changed":false,"footnotes":""},"categories":[126],"tags":[127,128],"class_list":["post-5194","post","type-post","status-publish","format-standard","has-post-thumbnail","hentry","category-tiimi","tag-gastroskopia","tag-koloskopia"],"acf":[],"aioseo_notices":[],"_links":{"self":[{"href":"https:\/\/seirekliinik.ee\/fi\/wp-json\/wp\/v2\/posts\/5194","targetHints":{"allow":["GET"]}}],"collection":[{"href":"https:\/\/seirekliinik.ee\/fi\/wp-json\/wp\/v2\/posts"}],"about":[{"href":"https:\/\/seirekliinik.ee\/fi\/wp-json\/wp\/v2\/types\/post"}],"author":[{"embeddable":true,"href":"https:\/\/seirekliinik.ee\/fi\/wp-json\/wp\/v2\/users\/2"}],"replies":[{"embeddable":true,"href":"https:\/\/seirekliinik.ee\/fi\/wp-json\/wp\/v2\/comments?post=5194"}],"version-history":[{"count":10,"href":"https:\/\/seirekliinik.ee\/fi\/wp-json\/wp\/v2\/posts\/5194\/revisions"}],"predecessor-version":[{"id":6001,"href":"https:\/\/seirekliinik.ee\/fi\/wp-json\/wp\/v2\/posts\/5194\/revisions\/6001"}],"wp:featuredmedia":[{"embeddable":true,"href":"https:\/\/seirekliinik.ee\/fi\/wp-json\/wp\/v2\/media\/5181"}],"wp:attachment":[{"href":"https:\/\/seirekliinik.ee\/fi\/wp-json\/wp\/v2\/media?parent=5194"}],"wp:term":[{"taxonomy":"category","embeddable":true,"href":"https:\/\/seirekliinik.ee\/fi\/wp-json\/wp\/v2\/categories?post=5194"},{"taxonomy":"post_tag","embeddable":true,"href":"https:\/\/seirekliinik.ee\/fi\/wp-json\/wp\/v2\/tags?post=5194"}],"curies":[{"name":"wp","href":"https:\/\/api.w.org\/{rel}","templated":true}]}}